{"id":50,"date":"2023-12-08T14:25:29","date_gmt":"2023-12-08T13:25:29","guid":{"rendered":"http:\/\/www.licenciement.ma\/expert\/?p=50"},"modified":"2023-12-08T14:25:29","modified_gmt":"2023-12-08T13:25:29","slug":"comment-determiner-linaptitude-professionnelle","status":"publish","type":"post","link":"https:\/\/licenciement.ma\/expert\/comment-determiner-linaptitude-professionnelle\/","title":{"rendered":"Comment d\u00e9terminer l&#8217;inaptitude professionnelle?"},"content":{"rendered":"\n<p>L&#8217;inaptitude professionnelle se manifeste lorsque le salari\u00e9 n&#8217;est plus en mesure d&#8217;\u00eatre productif en raison des innovations technologiques, des nouveaux am\u00e9nagements techniques au sein de l&#8217;entreprise, de l&#8217;adaptation \u00e0 de nouveaux logiciels, de l&#8217;\u00e9volution des techniques de vente ou de l&#8217;introduction de nouvelles m\u00e9thodes de travail. L&#8217;inaptitude peut \u00e9galement \u00eatre li\u00e9e \u00e0 des aspects physiques, mentaux, \u00e0 un manque de dynamisme, ou \u00e0 une incapacit\u00e9 \u00e0 atteindre les objectifs fix\u00e9s pour le poste, comparativement \u00e0 d&#8217;autres salari\u00e9s occupant la m\u00eame fonction et disposant des m\u00eames \u00e9quipements.<\/p>\n","protected":false},"excerpt":{"rendered":"<p>L&#8217;inaptitude professionnelle se manifeste lorsque le salari\u00e9 n&#8217;est plus en mesure d&#8217;\u00eatre productif en raison des innovations technologiques, des nouveaux am\u00e9nagements techniques au sein de l&#8217;entreprise, de l&#8217;adaptation \u00e0 de nouveaux logiciels, de l&#8217;\u00e9volution des techniques de vente ou de l&#8217;introduction de nouvelles m\u00e9thodes de travail. L&#8217;inaptitude peut \u00e9galement \u00eatre li\u00e9e \u00e0 des aspects physiques, [&hellip;]<\/p>\n","protected":false},"author":1,"featured_media":0,"comment_status":"open","ping_status":"open","sticky":false,"template":"","format":"standard","meta":{"footnotes":""},"categories":[106],"tags":[109,108,114,107,110,112,111,113],"_links":{"self":[{"href":"https:\/\/licenciement.ma\/expert\/wp-json\/wp\/v2\/posts\/50"}],"collection":[{"href":"https:\/\/licenciement.ma\/expert\/wp-json\/wp\/v2\/posts"}],"about":[{"href":"https:\/\/licenciement.ma\/expert\/wp-json\/wp\/v2\/types\/post"}],"author":[{"embeddable":true,"href":"https:\/\/licenciement.ma\/expert\/wp-json\/wp\/v2\/users\/1"}],"replies":[{"embeddable":true,"href":"https:\/\/licenciement.ma\/expert\/wp-json\/wp\/v2\/comments?post=50"}],"version-history":[{"count":1,"href":"https:\/\/licenciement.ma\/expert\/wp-json\/wp\/v2\/posts\/50\/revisions"}],"predecessor-version":[{"id":51,"href":"https:\/\/licenciement.ma\/expert\/wp-json\/wp\/v2\/posts\/50\/revisions\/51"}],"wp:attachment":[{"href":"https:\/\/licenciement.ma\/expert\/wp-json\/wp\/v2\/media?parent=50"}],"wp:term":[{"taxonomy":"category","embeddable":true,"href":"https:\/\/licenciement.ma\/expert\/wp-json\/wp\/v2\/categories?post=50"},{"taxonomy":"post_tag","embeddable":true,"href":"https:\/\/licenciement.ma\/expert\/wp-json\/wp\/v2\/tags?post=50"}],"curies":[{"name":"wp","href":"https:\/\/api.w.org\/{rel}","templated":true}]}}